{"id":20235,"date":"2024-02-29T16:17:57","date_gmt":"2024-02-29T15:17:57","guid":{"rendered":"https:\/\/www.langueappart.fr\/?p=20235"},"modified":"2024-08-13T05:03:49","modified_gmt":"2024-08-13T03:03:49","slug":"maya-y-alex","status":"publish","type":"post","link":"https:\/\/www.langueappart.fr\/es\/2024\/02\/29\/maya-y-alex\/","title":{"rendered":"Maya y Alex, despu\u00e9s de a\u00f1os de vida n\u00f3mada, eligen Par\u00eds. Descubre su viaje, desaf\u00edos y lugares favoritos en la Ciudad de la Luz"},"content":{"rendered":"\t\t<div data-elementor-type=\"wp-post\" data-elementor-id=\"20235\" class=\"elementor elementor-20235\">\n\t\t\t\t\t\t<section class=\"elementor-section elementor-top-section elementor-element elementor-element-136f63b elementor-section-boxed elementor-section-height-default elementor-section-height-default\" data-id=\"136f63b\" data-element_type=\"section\">\n\t\t\t\t\t\t<div class=\"elementor-container elementor-column-gap-default\">\n\t\t\t\t\t<div class=\"elementor-column elementor-col-100 elementor-top-column elementor-element elementor-element-c4632e6\" data-id=\"c4632e6\" data-element_type=\"column\">\n\t\t\t<div class=\"elementor-widget-wrap elementor-element-populated\">\n\t\t\t\t\t\t<div class=\"elementor-element elementor-element-6c1b128 elementor-widget elementor-widget-text-editor\" data-id=\"6c1b128\" data-element_type=\"widget\" data-widget_type=\"text-editor.default\">\n\t\t\t\t<div class=\"elementor-widget-container\">\n\t\t\t<style>\/*! elementor - v3.23.0 - 05-08-2024 *\/\n.elementor-widget-text-editor.elementor-drop-cap-view-stacked .elementor-drop-cap{background-color:#69727d;color:#fff}.elementor-widget-text-editor.elementor-drop-cap-view-framed .elementor-drop-cap{color:#69727d;border:3px solid;background-color:transparent}.elementor-widget-text-editor:not(.elementor-drop-cap-view-default) .elementor-drop-cap{margin-top:8px}.elementor-widget-text-editor:not(.elementor-drop-cap-view-default) .elementor-drop-cap-letter{width:1em;height:1em}.elementor-widget-text-editor .elementor-drop-cap{float:left;text-align:center;line-height:1;font-size:50px}.elementor-widget-text-editor .elementor-drop-cap-letter{display:inline-block}<\/style>\t\t\t\t<p>En el c\u00e1lido entorno del caf\u00e9 Les Petites Ind\u00e9cises, a pocos pasos de su escuela, nos encontramos con Maya y Alex, una pareja de artistas cuya cautivadora historia narra una audaz transici\u00f3n del nomadismo a una nueva vida en Par\u00eds. Maya, una ex actriz convertida en desarrolladora web, y Alex, un cantante de \u00f3pera especializado en m\u00fasica barroca, comparten con nosotros su amor por la capital francesa, las razones detr\u00e1s de su elecci\u00f3n, y los peque\u00f1os desaf\u00edos cotidianos que enfrentan en su nueva vida parisina.<\/p><h3><strong>Despu\u00e9s de cuatro a\u00f1os de nomadismo a trav\u00e9s de Am\u00e9rica y Europa, \u00bfpor qu\u00e9 eligieron Francia, Maya y Alex?<\/strong><\/h3><p><strong>Maya<\/strong>: \u00abFrancia no era una elecci\u00f3n obvia al principio. La primera vez que vine aqu\u00ed, ten\u00eda 22 a\u00f1os y fue para visitar a un amigo. En ese momento, Francia no me atra\u00eda particularmente. Pero despu\u00e9s de esa estancia, me enamor\u00e9 completamente. Es un pa\u00eds que, de una forma u otra, se te mete bajo la piel.\u00bb<\/p><p><strong>Alex<\/strong>: \u00abPara m\u00ed, la conexi\u00f3n con Francia se remonta a mi infancia. Pas\u00e9 mi noveno cumplea\u00f1os en Burdeos, y aun a\u00f1os despu\u00e9s, esos recuerdos siguen intactos. Mi madre, que es ling\u00fcista, me ense\u00f1\u00f3 algunas frases en franc\u00e9s para las peque\u00f1as interacciones cotidianas. Fue un verdadero placer para m\u00ed usarlas.\u00bb<\/p><h3><strong>\u00bfPor qu\u00e9 Par\u00eds en lugar de Burdeos u otra ciudad, Maya y Alex?<\/strong><\/h3><p><strong>Maya<\/strong>: \u00abSiempre me ha atra\u00eddo la energ\u00eda de las grandes ciudades, y Par\u00eds tiene ese algo que recuerda a Nueva York, una ciudad en la que vivimos durante a\u00f1os. Lo que me encanta aqu\u00ed es la riqueza cultural, la posibilidad de descubrir obras de arte \u00fanicas en cada esquina. En Estados Unidos, existe la idea de que el arte y la cultura son privilegios de las \u00e9lites, pero en Par\u00eds, la cultura es para todos.\u00bb<\/p><p><strong>Alex<\/strong>: \u00abPar\u00eds tiene esta cualidad m\u00e1gica de ser a la vez inmensa y accesible. Hemos vivido en Nueva York y Los \u00c1ngeles, dos ciudades donde todo parece estar lejos. Aqu\u00ed, es diferente; puedes caminar a cualquier parte, y siempre hay algo nuevo por descubrir, ya sea un museo, un monumento, o simplemente un barrio que a\u00fan no hab\u00edamos explorado.\u00bb<\/p><p><strong>Maya<\/strong>: \u00abY luego est\u00e1 la escena culinaria, que es incre\u00edble. Los restaurantes, los bares, es una verdadera exploraci\u00f3n en s\u00ed misma. Y lo que realmente me sorprendi\u00f3 fue la amabilidad de los parisinos. Contrariamente a los estereotipos, son curiosos y abiertos. Quieren comprender las diferencias culturales e intercambiar ideas.\u00bb<\/p><p><strong>Alex<\/strong>: \u00abObviamente, hay ciertos c\u00f3digos que conocer, como en Nueva York. Aqu\u00ed, el idioma es m\u00e1s que un simple medio de comunicaci\u00f3n; es un verdadero puente hacia la cultura. Hacer el esfuerzo de hablar franc\u00e9s abre muchas puertas.\u00bb<\/p><h3><strong>\u00bfCu\u00e1les son los aspectos m\u00e1s dif\u00edciles de la vida parisina seg\u00fan ustedes, Maya y Alex?<\/strong><\/h3><p><strong>Maya<\/strong>: \u00abVivir en un pa\u00eds donde no dominas perfectamente el idioma es un desaf\u00edo cotidiano. Por ejemplo, quer\u00eda hacer arreglar un pantal\u00f3n, y no conocer la palabra exacta hizo la tarea m\u00e1s complicada. Son esas peque\u00f1as cosas del d\u00eda a d\u00eda las que nos recuerdan constantemente que somos extranjeros.\u00bb<\/p><p><strong>Alex<\/strong>: \u00abY luego est\u00e1 el famoso tema de la limpieza de las calles&#8230; \u00a1La caca de perro por todas partes, es bastante impactante!\u00bb<\/p><p><strong>Maya<\/strong>: \u00ab\u00bfEse es tu gran problema en <a href=\"https:\/\/es.wikipedia.org\/wiki\/Par%C3%ADs\" target=\"_blank\" rel=\"noopener\"><strong>Par\u00eds<\/strong><\/a>? (r\u00ede). \u00a1Entonces no est\u00e1 tan mal! Pero en serio, es cierto que esos peque\u00f1os detalles nos recuerdan que a\u00fan no estamos completamente aclimatados.\u00bb<\/p><p><strong>Alex<\/strong>: \u00abEstoy bromeando, por supuesto, pero en verdad, incluso despu\u00e9s de varios meses aqu\u00ed, todav\u00eda hay un sentimiento de extra\u00f1eza. Par\u00eds es una ciudad inmensa, pero siempre hay ese &#8216;velo&#8217; para m\u00ed, debido en gran parte al idioma. A veces, todav\u00eda nos sentimos un poco fuera de lugar, como si estuvi\u00e9ramos observando la vida parisina a trav\u00e9s de una ventana.\u00bb<\/p><h3><strong>\u00bfCu\u00e1les son sus lugares favoritos en Par\u00eds?<\/strong><\/h3><p><strong>Maya<\/strong>: \u00abLa Place des Vosges es uno de nuestros refugios favoritos. S\u00ed, es un clich\u00e9, pero hay algo m\u00e1gico en este lugar, especialmente cuando no hay mucha gente. Realmente se puede sentir el ritmo relajante de la ciudad all\u00ed.\u00bb<\/p><p><strong>Alex<\/strong>: \u00abEl Museo de Orsay tiene un lugar especial en mi coraz\u00f3n. Tuve la suerte de participar en recitales all\u00ed, y fue incre\u00edble poder disfrutar del museo en un d\u00eda de cierre. Es un lugar donde el arte cobra toda su dimensi\u00f3n.\u00bb<\/p><p><strong>Maya<\/strong>: \u00abEn cuanto a la gastronom\u00eda, Le Rigodon, un restaurante en el distrito 11, es uno de nuestros favoritos. El chef es estadounidense, el camarero es franc\u00e9s, y el ambiente es c\u00e1lido y acogedor. Para un poco de cambio, tambi\u00e9n nos encanta La Drogheria Italiana, una tienda de comestibles italiana donde los productos son deliciosos y la gente es adorable.\u00bb<\/p><p><strong><em>La historia de Maya y Alex es un testimonio vibrante de la atracci\u00f3n que Par\u00eds ejerce sobre los artistas de todo el mundo. Su transici\u00f3n del nomadismo a una vida m\u00e1s estable en la capital francesa muestra hasta qu\u00e9 punto esta ciudad puede convertirse en un hogar, incluso para aquellos que vienen de lejos. Con sus desaf\u00edos y sus descubrimientos, Par\u00eds es para ellos un terreno de exploraci\u00f3n sin fin. Sigan sus aventuras para ver c\u00f3mo contin\u00faan integr\u00e1ndose y evolucionando en esta ciudad que, como ellos, est\u00e1 en constante cambio.<\/em><\/strong><\/p><p><a href=\"https:\/\/www.langueappart.fr\/es\/inscription\/\"><img fetchpriority=\"high\" decoding=\"async\" class=\"aligncenter wp-image-20237 size-large\" src=\"https:\/\/www.langueappart.fr\/wp-content\/uploads\/2024\/08\/ES-Langue-Appart-Banniere-1024x683.png\" alt=\"\" width=\"1024\" height=\"683\" srcset=\"https:\/\/www.langueappart.fr\/wp-content\/uploads\/2024\/08\/ES-Langue-Appart-Banniere-1024x683.png 1024w, https:\/\/www.langueappart.fr\/wp-content\/uploads\/2024\/08\/ES-Langue-Appart-Banniere-300x200.png 300w, https:\/\/www.langueappart.fr\/wp-content\/uploads\/2024\/08\/ES-Langue-Appart-Banniere-768x512.png 768w, https:\/\/www.langueappart.fr\/wp-content\/uploads\/2024\/08\/ES-Langue-Appart-Banniere.png 1200w\" sizes=\"(max-width: 1024px) 100vw, 1024px\" \/><\/a><\/p>\t\t\t\t\t\t<\/div>\n\t\t\t\t<\/div>\n\t\t\t\t\t<\/div>\n\t\t<\/div>\n\t\t\t\t\t<\/div>\n\t\t<\/section>\n\t\t\t\t<section class=\"elementor-section elementor-top-section elementor-element elementor-element-73278ed elementor-section-boxed elementor-section-height-default elementor-section-height-default\" data-id=\"73278ed\" data-element_type=\"section\">\n\t\t\t\t\t\t<div class=\"elementor-container elementor-column-gap-default\">\n\t\t\t\t\t<div class=\"elementor-column elementor-col-100 elementor-top-column elementor-element elementor-element-53da24c\" data-id=\"53da24c\" data-element_type=\"column\">\n\t\t\t<div class=\"elementor-widget-wrap elementor-element-populated\">\n\t\t\t\t\t\t<div class=\"elementor-element elementor-element-7344463 elementor-widget elementor-widget-spacer\" data-id=\"7344463\" data-element_type=\"widget\" data-widget_type=\"spacer.default\">\n\t\t\t\t<div class=\"elementor-widget-container\">\n\t\t\t<style>\/*! elementor - v3.23.0 - 05-08-2024 *\/\n.elementor-column .elementor-spacer-inner{height:var(--spacer-size)}.e-con{--container-widget-width:100%}.e-con-inner>.elementor-widget-spacer,.e-con>.elementor-widget-spacer{width:var(--container-widget-width,var(--spacer-size));--align-self:var(--container-widget-align-self,initial);--flex-shrink:0}.e-con-inner>.elementor-widget-spacer>.elementor-widget-container,.e-con>.elementor-widget-spacer>.elementor-widget-container{height:100%;width:100%}.e-con-inner>.elementor-widget-spacer>.elementor-widget-container>.elementor-spacer,.e-con>.elementor-widget-spacer>.elementor-widget-container>.elementor-spacer{height:100%}.e-con-inner>.elementor-widget-spacer>.elementor-widget-container>.elementor-spacer>.elementor-spacer-inner,.e-con>.elementor-widget-spacer>.elementor-widget-container>.elementor-spacer>.elementor-spacer-inner{height:var(--container-widget-height,var(--spacer-size))}.e-con-inner>.elementor-widget-spacer.elementor-widget-empty,.e-con>.elementor-widget-spacer.elementor-widget-empty{position:relative;min-height:22px;min-width:22px}.e-con-inner>.elementor-widget-spacer.elementor-widget-empty .elementor-widget-empty-icon,.e-con>.elementor-widget-spacer.elementor-widget-empty .elementor-widget-empty-icon{position:absolute;top:0;bottom:0;left:0;right:0;margin:auto;padding:0;width:22px;height:22px}<\/style>\t\t<div class=\"elementor-spacer\">\n\t\t\t<div class=\"elementor-spacer-inner\"><\/div>\n\t\t<\/div>\n\t\t\t\t<\/div>\n\t\t\t\t<\/div>\n\t\t\t\t\t<\/div>\n\t\t<\/div>\n\t\t\t\t\t<\/div>\n\t\t<\/section>\n\t\t\t\t<section class=\"elementor-section elementor-top-section elementor-element elementor-element-5987b5a elementor-section-boxed elementor-section-height-default elementor-section-height-default\" data-id=\"5987b5a\" data-element_type=\"section\">\n\t\t\t\t\t\t<div class=\"elementor-container elementor-column-gap-default\">\n\t\t\t\t\t<div class=\"elementor-column elementor-col-100 elementor-top-column elementor-element elementor-element-239891b\" data-id=\"239891b\" data-element_type=\"column\">\n\t\t\t<div class=\"elementor-widget-wrap elementor-element-populated\">\n\t\t\t\t\t\t<div class=\"elementor-element elementor-element-f215c5c elementor-widget elementor-widget-thim-carousel-post\" data-id=\"f215c5c\" data-element_type=\"widget\" data-widget_type=\"thim-carousel-post.default\">\n\t\t\t\t<div class=\"elementor-widget-container\">\n\t\t\t\t<div class=\"thim-owl-carousel-post thim-carousel-wrapper\" data-visible=\"3\"\n\t\t data-pagination=\"0\"\n\t\t data-navigation=\"0\" data-autoplay=\"0\">\n\t\t\t\t\t<div class=\"item\">\n\t\t\t\t\t\t\t\t<div class=\"image\">\n\t\t\t\t\t<a href=\"https:\/\/www.langueappart.fr\/es\/2024\/08\/13\/productos-tipicamente-franceses\/\">\n\t\t\t\t\t\t<img decoding=\"async\" src=\"https:\/\/www.langueappart.fr\/wp-content\/uploads\/2024\/08\/Vetements-Vegan116-450x267.png\" alt=\"Los Productos T\u00edpicamente Franceses: Un Viaje Culinario y Cultural\" title=\"V\u00eatements Vegan(116)\"  width=\"450\" height=\"267\">\t\t\t\t\t<\/a>\n\t\t\t\t<\/div>\n\t\t\t\t<div class=\"content\">\n\t\t\t\t\t<div class=\"info\">\n\t\t\t\t\t\t<div class=\"author\">\n\t\t\t\t\t\t\t<span>Melanie<\/span>\t\t\t\t\t\t<\/div>\n\t\t\t\t\t\t<div class=\"date\">\n\t\t\t\t\t\t\t13 agosto 2024\t\t\t\t\t\t<\/div>\n\t\t\t\t\t<\/div>\n\t\t\t\t\t<h4 class=\"title\">\n\t\t\t\t\t\t<a href=\"https:\/\/www.langueappart.fr\/es\/2024\/08\/13\/productos-tipicamente-franceses\/\">Los Productos T\u00edpicamente Franceses: Un Viaje Culinario y Cultural<\/a>\n\t\t\t\t\t<\/h4>\n\t\t\t\t<\/div>\n\t\t\t<\/div>\n\t\t\t\t\t<div class=\"item\">\n\t\t\t\t\t\t\t\t<div class=\"image\">\n\t\t\t\t\t<a href=\"https:\/\/www.langueappart.fr\/es\/2024\/08\/12\/paises-francofonos\/\">\n\t\t\t\t\t\t<img decoding=\"async\" src=\"https:\/\/www.langueappart.fr\/wp-content\/uploads\/2024\/08\/Vetements-Vegan107-450x267.png\" alt=\"\u00bfCu\u00e1ntos pa\u00edses franc\u00f3fonos hay en el mundo?\" title=\"V\u00eatements Vegan(107)\"  width=\"450\" height=\"267\">\t\t\t\t\t<\/a>\n\t\t\t\t<\/div>\n\t\t\t\t<div class=\"content\">\n\t\t\t\t\t<div class=\"info\">\n\t\t\t\t\t\t<div class=\"author\">\n\t\t\t\t\t\t\t<span>Melanie<\/span>\t\t\t\t\t\t<\/div>\n\t\t\t\t\t\t<div class=\"date\">\n\t\t\t\t\t\t\t12 agosto 2024\t\t\t\t\t\t<\/div>\n\t\t\t\t\t<\/div>\n\t\t\t\t\t<h4 class=\"title\">\n\t\t\t\t\t\t<a href=\"https:\/\/www.langueappart.fr\/es\/2024\/08\/12\/paises-francofonos\/\">\u00bfCu\u00e1ntos pa\u00edses franc\u00f3fonos hay en el mundo?<\/a>\n\t\t\t\t\t<\/h4>\n\t\t\t\t<\/div>\n\t\t\t<\/div>\n\t\t\t\t\t<div class=\"item\">\n\t\t\t\t\t\t\t\t<div class=\"image\">\n\t\t\t\t\t<a href=\"https:\/\/www.langueappart.fr\/es\/2024\/07\/15\/liz-lanza-un-libro\/\">\n\t\t\t\t\t\t<img loading=\"lazy\" decoding=\"async\" src=\"https:\/\/www.langueappart.fr\/wp-content\/uploads\/2024\/07\/Vetements-Vegan118-450x267.png\" alt=\"Liz publica un libro: Descubre \u00abLo-Fi\u00bb, un viaje literario de Nashville a Par\u00eds\" title=\"V\u00eatements Vegan(118)\"  width=\"450\" height=\"267\">\t\t\t\t\t<\/a>\n\t\t\t\t<\/div>\n\t\t\t\t<div class=\"content\">\n\t\t\t\t\t<div class=\"info\">\n\t\t\t\t\t\t<div class=\"author\">\n\t\t\t\t\t\t\t<span>Melanie<\/span>\t\t\t\t\t\t<\/div>\n\t\t\t\t\t\t<div class=\"date\">\n\t\t\t\t\t\t\t15 julio 2024\t\t\t\t\t\t<\/div>\n\t\t\t\t\t<\/div>\n\t\t\t\t\t<h4 class=\"title\">\n\t\t\t\t\t\t<a href=\"https:\/\/www.langueappart.fr\/es\/2024\/07\/15\/liz-lanza-un-libro\/\">Liz publica un libro: Descubre \u00abLo-Fi\u00bb, un viaje literario de Nashville a Par\u00eds<\/a>\n\t\t\t\t\t<\/h4>\n\t\t\t\t<\/div>\n\t\t\t<\/div>\n\t\t\t\t\t<div class=\"item\">\n\t\t\t\t\t\t\t\t<div class=\"image\">\n\t\t\t\t\t<a href=\"https:\/\/www.langueappart.fr\/es\/2024\/02\/29\/maya-y-alex\/\">\n\t\t\t\t\t\t<img loading=\"lazy\" decoding=\"async\" src=\"https:\/\/www.langueappart.fr\/wp-content\/uploads\/2024\/02\/Vetements-Vegan117-450x267.png\" alt=\"Maya y Alex, despu\u00e9s de a\u00f1os de vida n\u00f3mada, eligen Par\u00eds. Descubre su viaje, desaf\u00edos y lugares favoritos en la Ciudad de la Luz\" title=\"V\u00eatements Vegan(117)\"  width=\"450\" height=\"267\">\t\t\t\t\t<\/a>\n\t\t\t\t<\/div>\n\t\t\t\t<div class=\"content\">\n\t\t\t\t\t<div class=\"info\">\n\t\t\t\t\t\t<div class=\"author\">\n\t\t\t\t\t\t\t<span>Melanie<\/span>\t\t\t\t\t\t<\/div>\n\t\t\t\t\t\t<div class=\"date\">\n\t\t\t\t\t\t\t29 febrero 2024\t\t\t\t\t\t<\/div>\n\t\t\t\t\t<\/div>\n\t\t\t\t\t<h4 class=\"title\">\n\t\t\t\t\t\t<a href=\"https:\/\/www.langueappart.fr\/es\/2024\/02\/29\/maya-y-alex\/\">Maya y Alex, despu\u00e9s de a\u00f1os de vida n\u00f3mada, eligen Par\u00eds. Descubre su viaje, desaf\u00edos y lugares favoritos en la Ciudad de la Luz<\/a>\n\t\t\t\t\t<\/h4>\n\t\t\t\t<\/div>\n\t\t\t<\/div>\n\t\t\t\t\t<div class=\"item\">\n\t\t\t\t\t\t\t\t<div class=\"image\">\n\t\t\t\t\t<a href=\"https:\/\/www.langueappart.fr\/es\/2023\/07\/28\/pelicula-paris\/\">\n\t\t\t\t\t\t<img loading=\"lazy\" decoding=\"async\" src=\"https:\/\/www.langueappart.fr\/wp-content\/uploads\/2023\/07\/Vetements-Vegan124-450x267.png\" alt=\"Se Faire une Toile: Una Experiencia Cinematogr\u00e1fica \u00danica al Aire Libre\" title=\"V\u00eatements Vegan(124)\"  width=\"450\" height=\"267\">\t\t\t\t\t<\/a>\n\t\t\t\t<\/div>\n\t\t\t\t<div class=\"content\">\n\t\t\t\t\t<div class=\"info\">\n\t\t\t\t\t\t<div class=\"author\">\n\t\t\t\t\t\t\t<span>Melanie<\/span>\t\t\t\t\t\t<\/div>\n\t\t\t\t\t\t<div class=\"date\">\n\t\t\t\t\t\t\t28 julio 2023\t\t\t\t\t\t<\/div>\n\t\t\t\t\t<\/div>\n\t\t\t\t\t<h4 class=\"title\">\n\t\t\t\t\t\t<a href=\"https:\/\/www.langueappart.fr\/es\/2023\/07\/28\/pelicula-paris\/\">Se Faire une Toile: Una Experiencia Cinematogr\u00e1fica \u00danica al Aire Libre<\/a>\n\t\t\t\t\t<\/h4>\n\t\t\t\t<\/div>\n\t\t\t<\/div>\n\t\t\t\t\t<div class=\"item\">\n\t\t\t\t\t\t\t\t<div class=\"image\">\n\t\t\t\t\t<a href=\"https:\/\/www.langueappart.fr\/es\/2023\/06\/05\/tina-en-paris\/\">\n\t\t\t\t\t\t<img loading=\"lazy\" decoding=\"async\" src=\"https:\/\/www.langueappart.fr\/wp-content\/uploads\/2023\/06\/Vetements-Vegan126-450x267.png\" alt=\"Entrevista con Tina: Una creadora inspirada por Par\u00eds y Langue Appart\u2019\" title=\"V\u00eatements Vegan(126)\"  width=\"450\" height=\"267\">\t\t\t\t\t<\/a>\n\t\t\t\t<\/div>\n\t\t\t\t<div class=\"content\">\n\t\t\t\t\t<div class=\"info\">\n\t\t\t\t\t\t<div class=\"author\">\n\t\t\t\t\t\t\t<span>Melanie<\/span>\t\t\t\t\t\t<\/div>\n\t\t\t\t\t\t<div class=\"date\">\n\t\t\t\t\t\t\t5 junio 2023\t\t\t\t\t\t<\/div>\n\t\t\t\t\t<\/div>\n\t\t\t\t\t<h4 class=\"title\">\n\t\t\t\t\t\t<a href=\"https:\/\/www.langueappart.fr\/es\/2023\/06\/05\/tina-en-paris\/\">Entrevista con Tina: Una creadora inspirada por Par\u00eds y Langue Appart\u2019<\/a>\n\t\t\t\t\t<\/h4>\n\t\t\t\t<\/div>\n\t\t\t<\/div>\n\t\t\t<\/div>\n\t\t\t<\/div>\n\t\t\t\t<\/div>\n\t\t\t\t\t<\/div>\n\t\t<\/div>\n\t\t\t\t\t<\/div>\n\t\t<\/section>\n\t\t\t\t<\/div>\n\t\t","protected":false},"excerpt":{"rendered":"<p>En el c\u00e1lido entorno del caf\u00e9 Les Petites Ind\u00e9cises, a pocos pasos de su escuela, nos encontramos con Maya y Alex, una pareja de artistas cuya cautivadora historia narra una audaz transici\u00f3n del nomadismo a una nueva vida en Par\u00eds. &hellip; <\/p>\n","protected":false},"author":2,"featured_media":20183,"comment_status":"closed","ping_status":"closed","sticky":false,"template":"","format":"standard","meta":{"_themeisle_gutenberg_block_has_review":false,"footnotes":""},"categories":[230],"tags":[],"class_list":["post-20235","post","type-post","status-publish","format-standard","has-post-thumbnail","hentry","category-sin-categorizar"],"_links":{"self":[{"href":"https:\/\/www.langueappart.fr\/es\/wp-json\/wp\/v2\/posts\/20235","targetHints":{"allow":["GET"]}}],"collection":[{"href":"https:\/\/www.langueappart.fr\/es\/wp-json\/wp\/v2\/posts"}],"about":[{"href":"https:\/\/www.langueappart.fr\/es\/wp-json\/wp\/v2\/types\/post"}],"author":[{"embeddable":true,"href":"https:\/\/www.langueappart.fr\/es\/wp-json\/wp\/v2\/users\/2"}],"replies":[{"embeddable":true,"href":"https:\/\/www.langueappart.fr\/es\/wp-json\/wp\/v2\/comments?post=20235"}],"version-history":[{"count":5,"href":"https:\/\/www.langueappart.fr\/es\/wp-json\/wp\/v2\/posts\/20235\/revisions"}],"predecessor-version":[{"id":20243,"href":"https:\/\/www.langueappart.fr\/es\/wp-json\/wp\/v2\/posts\/20235\/revisions\/20243"}],"wp:featuredmedia":[{"embeddable":true,"href":"https:\/\/www.langueappart.fr\/es\/wp-json\/wp\/v2\/media\/20183"}],"wp:attachment":[{"href":"https:\/\/www.langueappart.fr\/es\/wp-json\/wp\/v2\/media?parent=20235"}],"wp:term":[{"taxonomy":"category","embeddable":true,"href":"https:\/\/www.langueappart.fr\/es\/wp-json\/wp\/v2\/categories?post=20235"},{"taxonomy":"post_tag","embeddable":true,"href":"https:\/\/www.langueappart.fr\/es\/wp-json\/wp\/v2\/tags?post=20235"}],"curies":[{"name":"wp","href":"https:\/\/api.w.org\/{rel}","templated":true}]}}