{"id":20755,"date":"2023-05-15T07:16:10","date_gmt":"2023-05-15T05:16:10","guid":{"rendered":"https:\/\/www.langueappart.fr\/?p=20755"},"modified":"2024-08-20T10:28:52","modified_gmt":"2024-08-20T08:28:52","slug":"en-mayo","status":"publish","type":"post","link":"https:\/\/www.langueappart.fr\/es\/2023\/05\/15\/en-mayo\/","title":{"rendered":"En mayo, haz lo que te plazca !"},"content":{"rendered":"\t\t<div data-elementor-type=\"wp-post\" data-elementor-id=\"20755\" class=\"elementor elementor-20755\">\n\t\t\t\t\t\t<section class=\"elementor-section elementor-top-section elementor-element elementor-element-57aba421 elementor-section-boxed elementor-section-height-default elementor-section-height-default\" data-id=\"57aba421\" data-element_type=\"section\">\n\t\t\t\t\t\t<div class=\"elementor-container elementor-column-gap-default\">\n\t\t\t\t\t<div class=\"elementor-column elementor-col-100 elementor-top-column elementor-element elementor-element-410ba844\" data-id=\"410ba844\" data-element_type=\"column\">\n\t\t\t<div class=\"elementor-widget-wrap elementor-element-populated\">\n\t\t\t\t\t\t<div class=\"elementor-element elementor-element-8f44d90 elementor-widget elementor-widget-text-editor\" data-id=\"8f44d90\" data-element_type=\"widget\" data-widget_type=\"text-editor.default\">\n\t\t\t\t<div class=\"elementor-widget-container\">\n\t\t\t<style>\/*! elementor - v3.23.0 - 05-08-2024 *\/\n.elementor-widget-text-editor.elementor-drop-cap-view-stacked .elementor-drop-cap{background-color:#69727d;color:#fff}.elementor-widget-text-editor.elementor-drop-cap-view-framed .elementor-drop-cap{color:#69727d;border:3px solid;background-color:transparent}.elementor-widget-text-editor:not(.elementor-drop-cap-view-default) .elementor-drop-cap{margin-top:8px}.elementor-widget-text-editor:not(.elementor-drop-cap-view-default) .elementor-drop-cap-letter{width:1em;height:1em}.elementor-widget-text-editor .elementor-drop-cap{float:left;text-align:center;line-height:1;font-size:50px}.elementor-widget-text-editor .elementor-drop-cap-letter{display:inline-block}<\/style>\t\t\t\t<h3><strong>En mayo, un mes \u00fanico para los franceses<\/strong><\/h3><p>El <a href=\"https:\/\/fr.wikipedia.org\/wiki\/Mayo\" target=\"_blank\" rel=\"noopener\"><strong>mes de mayo<\/strong><\/a> tiene un sabor especial para los franceses. En mayo, primero est\u00e1n los recuerdos de la infancia ligados a la canci\u00f3n \u00abLe Joli mois de mai\u00bb que evoca la suavidad de la primavera. Este mes tambi\u00e9n inspira a los cin\u00e9filos, con la pel\u00edcula de culto \u00abLe Joli Mai\u00bb de Chris Marker, que se sumerge en la vida de los parisinos en mayo de 1963. Pero mayo es, sobre todo, un s\u00edmbolo de revoluci\u00f3n, de protestas sociales y de renovaci\u00f3n.<\/p><p><iframe title=\"LE JOLI MAI de Chris Marker et Pierre Lhomme (au cin\u00e9ma le 29 mai 2013)\" width=\"640\" height=\"360\" src=\"https:\/\/www.youtube.com\/embed\/XSVp6Kc7h8E?feature=oembed&enablejsapi=1&origin=https:\/\/www.langueappart.fr\" frameborder=\"0\" allow=\"accelerometer; autoplay; clipboard-write; encrypted-media; gyroscope; picture-in-picture; web-share\" referrerpolicy=\"strict-origin-when-cross-origin\" allowfullscreen><\/iframe><\/p><p><iframe title=\"The Dreamers [2003] Official Trailer\" width=\"640\" height=\"360\" src=\"https:\/\/www.youtube.com\/embed\/cHaoi6CPDg8?feature=oembed&enablejsapi=1&origin=https:\/\/www.langueappart.fr\" frameborder=\"0\" allow=\"accelerometer; autoplay; clipboard-write; encrypted-media; gyroscope; picture-in-picture; web-share\" referrerpolicy=\"strict-origin-when-cross-origin\" allowfullscreen><\/iframe><\/p><h3><strong>Mayo, el mes de las revoluciones y protestas<\/strong><\/h3><p>El mes de mayo est\u00e1 profundamente arraigado en la historia social francesa. El 1 de mayo, D\u00eda del Trabajo, es un ejemplo emblem\u00e1tico. Este d\u00eda est\u00e1 dedicado a la celebraci\u00f3n de los trabajadores y, en Francia, se honra de una manera singular: no trabajando. Es un d\u00eda de reivindicaci\u00f3n, de manifestaciones y de reflexi\u00f3n sobre los derechos de los trabajadores. El 8 de mayo, otra fecha clave, marca el fin de la Segunda Guerra Mundial en Europa. Un d\u00eda feriado en el que se honra la memoria de los sacrificios y las victorias.<\/p><h3><strong>\u00a1En mayo, haz lo que te plazca!<\/strong><\/h3><p>El mes de mayo tambi\u00e9n es sin\u00f3nimo de d\u00edas festivos. Este a\u00f1o, en mayo, podr\u00e1s disfrutar de varias pausas bien merecidas: el lunes 1 de mayo, el lunes 8 de mayo, el jueves 18 de mayo y el lunes 29 de mayo. Es la ocasi\u00f3n ideal para seguir el proverbio \u00abEn mayo, haz lo que te plazca\u00bb, especialmente gracias a estos d\u00edas festivos que permiten alargar los fines de semana y organizar escapadas.<\/p><h3><strong>\u00a1No, los franceses no son los campeones de los d\u00edas festivos!<\/strong><\/h3><p>Contrariamente a lo que se cree, Francia no es el pa\u00eds con m\u00e1s d\u00edas festivos. De hecho, Eslovaquia tiene el r\u00e9cord en Europa con 15 d\u00edas festivos, seguida de cerca por Croacia, Espa\u00f1a, Chipre, Bulgaria y Malta, que tienen 14. En cuanto a los d\u00edas de vacaciones pagadas, Francia se sit\u00faa solo en el 14\u00ba lugar mundial, muy por detr\u00e1s de Austria.<\/p><h3><strong>En mayo, \u00abhacer el puente\u00bb: una tradici\u00f3n muy francesa<\/strong><\/h3><p>El mes de mayo tambi\u00e9n es sin\u00f3nimo de \u00abhacer el puente\u00bb. Esta expresi\u00f3n se refiere a la pr\u00e1ctica de tomar un d\u00eda libre entre un d\u00eda festivo y el fin de semana para disfrutar de un fin de semana largo. Este a\u00f1o, solo el jueves 18 de mayo permitir\u00e1 \u00abhacer el puente\u00bb, para un fin de semana prolongado hasta el s\u00e1bado 20 de mayo. Una tradici\u00f3n que permite a los franceses aprovechar al m\u00e1ximo este mes tan apreciado.<\/p><h3><strong>\u00bfPor qu\u00e9 son festivos estos d\u00edas?<\/strong><\/h3><p>Los d\u00edas festivos en mayo tienen or\u00edgenes diversos. El 1 de mayo es el D\u00eda del Trabajo, una jornada internacional dedicada a los trabajadores. El 8 de mayo conmemora la victoria de los Aliados en 1945 y el fin de la Segunda Guerra Mundial. El 18 de mayo marca la Ascensi\u00f3n, una fiesta cristiana celebrada 40 d\u00edas despu\u00e9s de la Pascua. Finalmente, los d\u00edas 28 y 29 de mayo corresponden al domingo y lunes de Pentecost\u00e9s, otra importante festividad religiosa. Estos d\u00edas festivos demuestran que, a pesar de la laicidad, Francia conserva tradiciones profundamente arraigadas en su calendario.<\/p><h3><strong>Conclusi\u00f3n: \u00a1En mayo, disfruta de cada instante!<\/strong><\/h3><p>En mayo, en Francia, siempre hay una raz\u00f3n para celebrar, recordar o relajarse. Ya sea para hacer el puente, salir de fin de semana o simplemente disfrutar de los d\u00edas soleados, este mes ofrece muchas oportunidades para vivir a tu propio ritmo. Entonces, en mayo, \u00a1haz lo que te plazca!<\/p><p>En mai, en France, il y a toujours une raison de c\u00e9l\u00e9brer, de se souvenir ou de se d\u00e9tendre. Que ce soit pour faire le pont, partir en week-end ou simplement profiter des beaux jours, ce mois offre de nombreuses occasions de vivre \u00e0 son rythme. Alors, en mai, faites ce qu\u2019il vous pla\u00eet !<\/p><p><a href=\"https:\/\/www.langueappart.fr\/es\/inscripcion\/\"><img fetchpriority=\"high\" decoding=\"async\" class=\"aligncenter wp-image-20237 size-large\" src=\"https:\/\/www.langueappart.fr\/wp-content\/uploads\/2024\/08\/ES-Langue-Appart-Banniere-1024x683.png\" alt=\"\" width=\"1024\" height=\"683\" srcset=\"https:\/\/www.langueappart.fr\/wp-content\/uploads\/2024\/08\/ES-Langue-Appart-Banniere-1024x683.png 1024w, https:\/\/www.langueappart.fr\/wp-content\/uploads\/2024\/08\/ES-Langue-Appart-Banniere-300x200.png 300w, https:\/\/www.langueappart.fr\/wp-content\/uploads\/2024\/08\/ES-Langue-Appart-Banniere-768x512.png 768w, https:\/\/www.langueappart.fr\/wp-content\/uploads\/2024\/08\/ES-Langue-Appart-Banniere.png 1200w\" sizes=\"(max-width: 1024px) 100vw, 1024px\" \/><\/a><\/p>\t\t\t\t\t\t<\/div>\n\t\t\t\t<\/div>\n\t\t\t\t\t<\/div>\n\t\t<\/div>\n\t\t\t\t\t<\/div>\n\t\t<\/section>\n\t\t\t\t<\/div>\n\t\t","protected":false},"excerpt":{"rendered":"<p>En mayo, un mes \u00fanico para los franceses El mes de mayo tiene un sabor especial para los franceses. En mayo, primero est\u00e1n los recuerdos de la infancia ligados a la canci\u00f3n \u00abLe Joli mois de mai\u00bb que evoca la &hellip; <\/p>\n","protected":false},"author":2,"featured_media":20704,"comment_status":"closed","ping_status":"closed","sticky":false,"template":"","format":"standard","meta":{"_themeisle_gutenberg_block_has_review":false,"footnotes":""},"categories":[230],"tags":[],"class_list":["post-20755","post","type-post","status-publish","format-standard","has-post-thumbnail","hentry","category-sin-categorizar"],"_links":{"self":[{"href":"https:\/\/www.langueappart.fr\/es\/wp-json\/wp\/v2\/posts\/20755","targetHints":{"allow":["GET"]}}],"collection":[{"href":"https:\/\/www.langueappart.fr\/es\/wp-json\/wp\/v2\/posts"}],"about":[{"href":"https:\/\/www.langueappart.fr\/es\/wp-json\/wp\/v2\/types\/post"}],"author":[{"embeddable":true,"href":"https:\/\/www.langueappart.fr\/es\/wp-json\/wp\/v2\/users\/2"}],"replies":[{"embeddable":true,"href":"https:\/\/www.langueappart.fr\/es\/wp-json\/wp\/v2\/comments?post=20755"}],"version-history":[{"count":4,"href":"https:\/\/www.langueappart.fr\/es\/wp-json\/wp\/v2\/posts\/20755\/revisions"}],"predecessor-version":[{"id":20760,"href":"https:\/\/www.langueappart.fr\/es\/wp-json\/wp\/v2\/posts\/20755\/revisions\/20760"}],"wp:featuredmedia":[{"embeddable":true,"href":"https:\/\/www.langueappart.fr\/es\/wp-json\/wp\/v2\/media\/20704"}],"wp:attachment":[{"href":"https:\/\/www.langueappart.fr\/es\/wp-json\/wp\/v2\/media?parent=20755"}],"wp:term":[{"taxonomy":"category","embeddable":true,"href":"https:\/\/www.langueappart.fr\/es\/wp-json\/wp\/v2\/categories?post=20755"},{"taxonomy":"post_tag","embeddable":true,"href":"https:\/\/www.langueappart.fr\/es\/wp-json\/wp\/v2\/tags?post=20755"}],"curies":[{"name":"wp","href":"https:\/\/api.w.org\/{rel}","templated":true}]}}